{"id":7089,"date":"2026-02-20T13:13:16","date_gmt":"2026-02-20T12:13:16","guid":{"rendered":"https:\/\/ecovalora.es\/?p=7089"},"modified":"2026-02-20T13:47:48","modified_gmt":"2026-02-20T12:47:48","slug":"gestion-integral-residuos-de-guadalajara-madrid","status":"publish","type":"post","link":"https:\/\/ecovalora.es\/?p=7089","title":{"rendered":"Gesti\u00f3n Integral de Residuos Guadalajara y Madrid"},"content":{"rendered":"\n<h2 class=\"wp-block-heading\">Alquiler de contenedores y autocompactadores para empresas<\/h2>\n\n\n\n<p class=\"wp-block-paragraph\">Una <a href=\"https:\/\/ecovalora.es\/recogida-de-residuos\/\">gesti\u00f3n eficiente de residuos<\/a> es clave para mantener el orden, <strong>cumplir la normativa y optimizar costes <\/strong>en cualquier empresa. En Guadalajara y Madrid, cada vez m\u00e1s compa\u00f1\u00edas externalizan este servicio para centrarse en su actividad principal sin asumir riesgos innecesarios.<\/p>\n\n\n\n<p class=\"wp-block-paragraph\">Nuestro servicio de <strong>Gesti\u00f3n integral de residuos en Guadalajara y Madrid<\/strong> est\u00e1 dise\u00f1ado para adaptarse al volumen y tipo de residuo que genera cada empresa, ofreciendo <strong>alquiler de contenedores, compactadores y autocompactadores<\/strong> con total garant\u00eda legal.<\/p>\n\n\n\n<div class=\"wp-block-buttons is-layout-flex wp-block-buttons-is-layout-flex\">\n<div class=\"wp-block-button has-custom-width wp-block-button__width-50\"><a class=\"wp-block-button__link wp-element-button\" href=\"http:\/\/+34 949 272 157\">\u00a1Ll\u00e1manos!<\/a><\/div>\n<\/div>\n\n\n\n<h2 class=\"wp-block-heading\">Alquiler de contenedores para empresas<\/h2>\n\n\n\n<p class=\"wp-block-paragraph\">Disponemos de<strong> contenedores para residuos no peligrosos<\/strong>, <strong>papel y cart\u00f3n, pl\u00e1sticos, madera y residuos s\u00f3lidos urbanos (RSU)<\/strong>. El alquiler permite evitar inversiones innecesarias y garantiza una correcta recogida y trazabilidad.<\/p>\n\n\n\n<h2 class=\"wp-block-heading\">Contenedores compactadores<\/h2>\n\n\n\n<p class=\"wp-block-paragraph\">Los <strong>compactadores<\/strong> reducen el volumen de residuos, disminuyen la frecuencia de recogida y mejoran la organizaci\u00f3n en almacenes y centros log\u00edsticos. Son ideales para empresas con <strong>alta generaci\u00f3n de embalajes<\/strong>.<\/p>\n\n\n\n<h2 class=\"wp-block-heading\">Autocompactadores<\/h2>\n\n\n\n<p class=\"wp-block-paragraph\">Para compa\u00f1\u00edas con mayor volumen de residuos, los autocompactadores ofrecen una soluci\u00f3n eficiente que optimiza espacio, mejora la higiene y reduce costes operativos.<\/p>\n\n\n\n<p class=\"wp-block-paragraph\">Externalizar la gesti\u00f3n de residuos con un proveedor profesional evita sanciones, mejora la imagen corporativa y asegura el cumplimiento legal.<\/p>\n\n\n\n<p class=\"wp-block-paragraph\"><strong>Solicita tu presupuesto sin compromiso y optimiza la gesti\u00f3n de residuos de tu empresa en Guadalajara y Madrid.<\/strong><\/p>\n\n\n<div class=\"wpforms-container wpforms-container-full wpforms-block wpforms-block-0545c677-2283-4c20-8f80-120290202e85\" id=\"wpforms-6611\"><form id=\"wpforms-form-6611\" class=\"wpforms-validate wpforms-form wpforms-ajax-form\" data-formid=\"6611\" method=\"post\" enctype=\"multipart\/form-data\" action=\"\/index.php?rest_route=%2Fwp%2Fv2%2Fposts%2F7089\" data-token=\"543cdabeb2638933452471ce7ad47a4b\" data-token-time=\"1788437938\"><noscript class=\"wpforms-error-noscript\">Por favor, activa JavaScript en tu navegador para completar este formulario.<\/noscript><div class=\"wpforms-field-container\"><div id=\"wpforms-6611-field_0-container\" class=\"wpforms-field wpforms-field-name\" data-field-id=\"0\"><label class=\"wpforms-field-label\" for=\"wpforms-6611-field_0\">Nombre <span class=\"wpforms-required-label\">*<\/span><\/label><input type=\"text\" id=\"wpforms-6611-field_0\" class=\"wpforms-field-large wpforms-field-required\" name=\"wpforms[fields][0]\" required><\/div><div id=\"wpforms-6611-field_4-container\" class=\"wpforms-field wpforms-field-number\" data-field-id=\"4\"><label class=\"wpforms-field-label\" for=\"wpforms-6611-field_4\">Tel\u00e9fono <span class=\"wpforms-required-label\">*<\/span><\/label><input type=\"number\" id=\"wpforms-6611-field_4\" class=\"wpforms-field-large wpforms-field-required\" name=\"wpforms[fields][4]\" step=\"any\" required><\/div><div id=\"wpforms-6611-field_1-container\" class=\"wpforms-field wpforms-field-email\" data-field-id=\"1\"><label class=\"wpforms-field-label\" for=\"wpforms-6611-field_1\">Correo electr\u00f3nico <span class=\"wpforms-required-label\">*<\/span><\/label><input type=\"email\" id=\"wpforms-6611-field_1\" class=\"wpforms-field-large wpforms-field-required\" name=\"wpforms[fields][1]\" spellcheck=\"false\" required><\/div><div id=\"wpforms-6611-field_2-container\" class=\"wpforms-field wpforms-field-textarea\" data-field-id=\"2\"><label class=\"wpforms-field-label\" for=\"wpforms-6611-field_2\">Comentario o mensaje<\/label><textarea id=\"wpforms-6611-field_2\" class=\"wpforms-field-medium\" name=\"wpforms[fields][2]\" ><\/textarea><\/div><div id=\"wpforms-6611-field_3-container\" class=\"wpforms-field wpforms-field-checkbox\" data-field-id=\"3\"><label class=\"wpforms-field-label\">Ley de protecci\u00f3n de datos <span class=\"wpforms-required-label\">*<\/span><\/label><ul id=\"wpforms-6611-field_3\" class=\"wpforms-field-required\"><li class=\"choice-1 depth-1\"><input type=\"checkbox\" id=\"wpforms-6611-field_3_1\" name=\"wpforms[fields][3][]\" value=\"He le\u00eddo y acepto la &lt;a href=&quot;https:\/\/ecovalora.es\/politica-de-privacidad\/&quot;&gt;pol\u00edtica de privacidad&lt;\/a&gt;\" required ><label class=\"wpforms-field-label-inline\" for=\"wpforms-6611-field_3_1\">He le\u00eddo y acepto la <a href=\"https:\/\/ecovalora.es\/politica-de-privacidad\/\">pol\u00edtica de privacidad<\/a><\/label><\/li><\/ul><\/div><\/div><!-- .wpforms-field-container --><div class=\"wpforms-recaptcha-container wpforms-is-recaptcha wpforms-is-recaptcha-type-v3\" ><input type=\"hidden\" name=\"wpforms[recaptcha]\" value=\"\"><\/div><div class=\"wpforms-submit-container\" ><input type=\"hidden\" name=\"wpforms[id]\" value=\"6611\"><input type=\"hidden\" name=\"page_title\" value=\"\"><input type=\"hidden\" name=\"page_url\" value=\"https:\/\/ecovalora.es\/index.php?rest_route=\/wp\/v2\/posts\/7089\"><input type=\"hidden\" name=\"url_referer\" value=\"\"><button type=\"submit\" name=\"wpforms[submit]\" id=\"wpforms-submit-6611\" class=\"wpforms-submit\" data-alt-text=\"Enviando...\" data-submit-text=\"Enviar\" aria-live=\"assertive\" value=\"wpforms-submit\">Enviar<\/button><img decoding=\"async\" src=\"https:\/\/ecovalora.es\/wp-content\/plugins\/wpforms-lite\/assets\/images\/submit-spin.svg\" class=\"wpforms-submit-spinner\" style=\"display: none;\" width=\"26\" height=\"26\" alt=\"Cargando\"><\/div><\/form><\/div>  <!-- .wpforms-container -->\n\n\n<p class=\"wp-block-paragraph\"><\/p>\n","protected":false},"excerpt":{"rendered":"<p>Alquiler de contenedores y autocompactadores para empresas Una gesti\u00f3n eficiente de residuos es clave para mantener el orden, cumplir la normativa y optimizar costes en cualquier empresa. En Guadalajara y Madrid, cada vez m\u00e1s compa\u00f1\u00edas externalizan este servicio para centrarse en su actividad principal sin asumir riesgos innecesarios. Nuestro servicio de Gesti\u00f3n integral de residuos<\/p>\n","protected":false},"author":2,"featured_media":7099,"comment_status":"open","ping_status":"open","sticky":false,"template":"","format":"standard","meta":{"footnotes":""},"categories":[1],"tags":[],"class_list":["post-7089","post","type-post","status-publish","format-standard","has-post-thumbnail","hentry","category-noticias"],"yoast_head":"<!-- This site is optimized with the Yoast SEO plugin v28.2 - https:\/\/yoast.com\/product\/yoast-seo-wordpress\/ -->\n<title>Gesti\u00f3n integral de residuos en Guadalajara y Madrid | Guadalajara<\/title>\n<meta name=\"description\" content=\"Gesti\u00f3n integral de residuos en Guadalajara y Madrid. Alquiler de contenedores, compactadores y autocompactadores para empresas. Presupuesto.\" \/>\n<meta name=\"robots\" content=\"index, follow, max-snippet:-1, max-image-preview:large, max-video-preview:-1\" \/>\n<link rel=\"canonical\" href=\"https:\/\/ecovalora.es\/?p=7089\" \/>\n<meta property=\"og:locale\" content=\"es_ES\" \/>\n<meta property=\"og:type\" content=\"article\" \/>\n<meta property=\"og:title\" content=\"Gesti\u00f3n integral de residuos en Guadalajara y Madrid | Guadalajara\" \/>\n<meta property=\"og:description\" content=\"Gesti\u00f3n integral de residuos en Guadalajara y Madrid. Alquiler de contenedores, compactadores y autocompactadores para empresas. Presupuesto.\" \/>\n<meta property=\"og:url\" content=\"https:\/\/ecovalora.es\/?p=7089\" \/>\n<meta property=\"og:site_name\" content=\"Ecovalora\" \/>\n<meta property=\"article:publisher\" content=\"https:\/\/www.facebook.com\/profile.php?id=100094636253361\" \/>\n<meta property=\"article:published_time\" content=\"2026-02-20T12:13:16+00:00\" \/>\n<meta property=\"article:modified_time\" content=\"2026-02-20T12:47:48+00:00\" \/>\n<meta property=\"og:image\" content=\"https:\/\/ecovalora.es\/wp-content\/uploads\/2026\/02\/gestion-integral-de-residuos-ecovalora.jpg\" \/>\n\t<meta property=\"og:image:width\" content=\"800\" \/>\n\t<meta property=\"og:image:height\" content=\"420\" \/>\n\t<meta property=\"og:image:type\" content=\"image\/jpeg\" \/>\n<meta name=\"author\" content=\"Ecovalora\" \/>\n<meta name=\"twitter:card\" content=\"summary_large_image\" \/>\n<meta name=\"twitter:label1\" content=\"Escrito por\" \/>\n\t<meta name=\"twitter:data1\" content=\"Ecovalora\" \/>\n\t<meta name=\"twitter:label2\" content=\"Tiempo de lectura\" \/>\n\t<meta name=\"twitter:data2\" content=\"2 minutos\" \/>\n<script type=\"application\/ld+json\" class=\"yoast-schema-graph\">{\"@context\":\"https:\\\/\\\/schema.org\",\"@graph\":[{\"@type\":\"Article\",\"@id\":\"https:\\\/\\\/ecovalora.es\\\/?p=7089#article\",\"isPartOf\":{\"@id\":\"https:\\\/\\\/ecovalora.es\\\/?p=7089\"},\"author\":{\"name\":\"Ecovalora\",\"@id\":\"https:\\\/\\\/ecovalora.es\\\/#\\\/schema\\\/person\\\/149af9f71efffa50f721d3a73830675c\"},\"headline\":\"Gesti\u00f3n Integral de Residuos Guadalajara y Madrid\",\"datePublished\":\"2026-02-20T12:13:16+00:00\",\"dateModified\":\"2026-02-20T12:47:48+00:00\",\"mainEntityOfPage\":{\"@id\":\"https:\\\/\\\/ecovalora.es\\\/?p=7089\"},\"wordCount\":239,\"commentCount\":0,\"publisher\":{\"@id\":\"https:\\\/\\\/ecovalora.es\\\/#organization\"},\"image\":{\"@id\":\"https:\\\/\\\/ecovalora.es\\\/?p=7089#primaryimage\"},\"thumbnailUrl\":\"https:\\\/\\\/ecovalora.es\\\/wp-content\\\/uploads\\\/2026\\\/02\\\/gestion-integral-de-residuos-ecovalora.jpg\",\"articleSection\":[\"Noticias\"],\"inLanguage\":\"es\",\"potentialAction\":[{\"@type\":\"CommentAction\",\"name\":\"Comment\",\"target\":[\"https:\\\/\\\/ecovalora.es\\\/?p=7089#respond\"]}]},{\"@type\":\"WebPage\",\"@id\":\"https:\\\/\\\/ecovalora.es\\\/?p=7089\",\"url\":\"https:\\\/\\\/ecovalora.es\\\/?p=7089\",\"name\":\"Gesti\u00f3n integral de residuos en Guadalajara y Madrid | Guadalajara\",\"isPartOf\":{\"@id\":\"https:\\\/\\\/ecovalora.es\\\/#website\"},\"primaryImageOfPage\":{\"@id\":\"https:\\\/\\\/ecovalora.es\\\/?p=7089#primaryimage\"},\"image\":{\"@id\":\"https:\\\/\\\/ecovalora.es\\\/?p=7089#primaryimage\"},\"thumbnailUrl\":\"https:\\\/\\\/ecovalora.es\\\/wp-content\\\/uploads\\\/2026\\\/02\\\/gestion-integral-de-residuos-ecovalora.jpg\",\"datePublished\":\"2026-02-20T12:13:16+00:00\",\"dateModified\":\"2026-02-20T12:47:48+00:00\",\"description\":\"Gesti\u00f3n integral de residuos en Guadalajara y Madrid. Alquiler de contenedores, compactadores y autocompactadores para empresas. Presupuesto.\",\"breadcrumb\":{\"@id\":\"https:\\\/\\\/ecovalora.es\\\/?p=7089#breadcrumb\"},\"inLanguage\":\"es\",\"potentialAction\":[{\"@type\":\"ReadAction\",\"target\":[\"https:\\\/\\\/ecovalora.es\\\/?p=7089\"]}]},{\"@type\":\"ImageObject\",\"inLanguage\":\"es\",\"@id\":\"https:\\\/\\\/ecovalora.es\\\/?p=7089#primaryimage\",\"url\":\"https:\\\/\\\/ecovalora.es\\\/wp-content\\\/uploads\\\/2026\\\/02\\\/gestion-integral-de-residuos-ecovalora.jpg\",\"contentUrl\":\"https:\\\/\\\/ecovalora.es\\\/wp-content\\\/uploads\\\/2026\\\/02\\\/gestion-integral-de-residuos-ecovalora.jpg\",\"width\":800,\"height\":420,\"caption\":\"Gesti\u00f3n integral de residuos en Guadalajara\"},{\"@type\":\"BreadcrumbList\",\"@id\":\"https:\\\/\\\/ecovalora.es\\\/?p=7089#breadcrumb\",\"itemListElement\":[{\"@type\":\"ListItem\",\"position\":1,\"name\":\"Portada\",\"item\":\"https:\\\/\\\/ecovalora.es\\\/\"},{\"@type\":\"ListItem\",\"position\":2,\"name\":\"Gesti\u00f3n Integral de Residuos Guadalajara y Madrid\"}]},{\"@type\":\"WebSite\",\"@id\":\"https:\\\/\\\/ecovalora.es\\\/#website\",\"url\":\"https:\\\/\\\/ecovalora.es\\\/\",\"name\":\"Ecovalora\",\"description\":\"Empresa de Gesti\u00f3n de Residuos | ECOVALORA | 949 272 157\",\"publisher\":{\"@id\":\"https:\\\/\\\/ecovalora.es\\\/#organization\"},\"potentialAction\":[{\"@type\":\"SearchAction\",\"target\":{\"@type\":\"EntryPoint\",\"urlTemplate\":\"https:\\\/\\\/ecovalora.es\\\/?s={search_term_string}\"},\"query-input\":{\"@type\":\"PropertyValueSpecification\",\"valueRequired\":true,\"valueName\":\"search_term_string\"}}],\"inLanguage\":\"es\"},{\"@type\":\"Organization\",\"@id\":\"https:\\\/\\\/ecovalora.es\\\/#organization\",\"name\":\"Ecovalora\",\"url\":\"https:\\\/\\\/ecovalora.es\\\/\",\"logo\":{\"@type\":\"ImageObject\",\"inLanguage\":\"es\",\"@id\":\"https:\\\/\\\/ecovalora.es\\\/#\\\/schema\\\/logo\\\/image\\\/\",\"url\":\"https:\\\/\\\/ecovalora.es\\\/wp-content\\\/uploads\\\/2023\\\/03\\\/cropped-Logotipo-Ecovalora-1-1.png\",\"contentUrl\":\"https:\\\/\\\/ecovalora.es\\\/wp-content\\\/uploads\\\/2023\\\/03\\\/cropped-Logotipo-Ecovalora-1-1.png\",\"width\":250,\"height\":120,\"caption\":\"Ecovalora\"},\"image\":{\"@id\":\"https:\\\/\\\/ecovalora.es\\\/#\\\/schema\\\/logo\\\/image\\\/\"},\"sameAs\":[\"https:\\\/\\\/www.facebook.com\\\/profile.php?id=100094636253361\",\"https:\\\/\\\/www.instagram.com\\\/ecovalorareciclaje\\\/\"]},{\"@type\":\"Person\",\"@id\":\"https:\\\/\\\/ecovalora.es\\\/#\\\/schema\\\/person\\\/149af9f71efffa50f721d3a73830675c\",\"name\":\"Ecovalora\",\"image\":{\"@type\":\"ImageObject\",\"inLanguage\":\"es\",\"@id\":\"https:\\\/\\\/secure.gravatar.com\\\/avatar\\\/8e2c6ba4429be52b665a5cc0898cc9b7ac8149feef471135a82b5e9600e94be4?s=96&d=mm&r=g\",\"url\":\"https:\\\/\\\/secure.gravatar.com\\\/avatar\\\/8e2c6ba4429be52b665a5cc0898cc9b7ac8149feef471135a82b5e9600e94be4?s=96&d=mm&r=g\",\"contentUrl\":\"https:\\\/\\\/secure.gravatar.com\\\/avatar\\\/8e2c6ba4429be52b665a5cc0898cc9b7ac8149feef471135a82b5e9600e94be4?s=96&d=mm&r=g\",\"caption\":\"Ecovalora\"},\"url\":\"https:\\\/\\\/ecovalora.es\\\/?author=2\"}]}<\/script>\n<!-- \/ Yoast SEO plugin. -->","yoast_head_json":{"title":"Gesti\u00f3n integral de residuos en Guadalajara y Madrid | Guadalajara","description":"Gesti\u00f3n integral de residuos en Guadalajara y Madrid. Alquiler de contenedores, compactadores y autocompactadores para empresas. Presupuesto.","robots":{"index":"index","follow":"follow","max-snippet":"max-snippet:-1","max-image-preview":"max-image-preview:large","max-video-preview":"max-video-preview:-1"},"canonical":"https:\/\/ecovalora.es\/?p=7089","og_locale":"es_ES","og_type":"article","og_title":"Gesti\u00f3n integral de residuos en Guadalajara y Madrid | Guadalajara","og_description":"Gesti\u00f3n integral de residuos en Guadalajara y Madrid. Alquiler de contenedores, compactadores y autocompactadores para empresas. Presupuesto.","og_url":"https:\/\/ecovalora.es\/?p=7089","og_site_name":"Ecovalora","article_publisher":"https:\/\/www.facebook.com\/profile.php?id=100094636253361","article_published_time":"2026-02-20T12:13:16+00:00","article_modified_time":"2026-02-20T12:47:48+00:00","og_image":[{"width":800,"height":420,"url":"https:\/\/ecovalora.es\/wp-content\/uploads\/2026\/02\/gestion-integral-de-residuos-ecovalora.jpg","type":"image\/jpeg"}],"author":"Ecovalora","twitter_card":"summary_large_image","twitter_misc":{"Escrito por":"Ecovalora","Tiempo de lectura":"2 minutos"},"schema":{"@context":"https:\/\/schema.org","@graph":[{"@type":"Article","@id":"https:\/\/ecovalora.es\/?p=7089#article","isPartOf":{"@id":"https:\/\/ecovalora.es\/?p=7089"},"author":{"name":"Ecovalora","@id":"https:\/\/ecovalora.es\/#\/schema\/person\/149af9f71efffa50f721d3a73830675c"},"headline":"Gesti\u00f3n Integral de Residuos Guadalajara y Madrid","datePublished":"2026-02-20T12:13:16+00:00","dateModified":"2026-02-20T12:47:48+00:00","mainEntityOfPage":{"@id":"https:\/\/ecovalora.es\/?p=7089"},"wordCount":239,"commentCount":0,"publisher":{"@id":"https:\/\/ecovalora.es\/#organization"},"image":{"@id":"https:\/\/ecovalora.es\/?p=7089#primaryimage"},"thumbnailUrl":"https:\/\/ecovalora.es\/wp-content\/uploads\/2026\/02\/gestion-integral-de-residuos-ecovalora.jpg","articleSection":["Noticias"],"inLanguage":"es","potentialAction":[{"@type":"CommentAction","name":"Comment","target":["https:\/\/ecovalora.es\/?p=7089#respond"]}]},{"@type":"WebPage","@id":"https:\/\/ecovalora.es\/?p=7089","url":"https:\/\/ecovalora.es\/?p=7089","name":"Gesti\u00f3n integral de residuos en Guadalajara y Madrid | Guadalajara","isPartOf":{"@id":"https:\/\/ecovalora.es\/#website"},"primaryImageOfPage":{"@id":"https:\/\/ecovalora.es\/?p=7089#primaryimage"},"image":{"@id":"https:\/\/ecovalora.es\/?p=7089#primaryimage"},"thumbnailUrl":"https:\/\/ecovalora.es\/wp-content\/uploads\/2026\/02\/gestion-integral-de-residuos-ecovalora.jpg","datePublished":"2026-02-20T12:13:16+00:00","dateModified":"2026-02-20T12:47:48+00:00","description":"Gesti\u00f3n integral de residuos en Guadalajara y Madrid. Alquiler de contenedores, compactadores y autocompactadores para empresas. Presupuesto.","breadcrumb":{"@id":"https:\/\/ecovalora.es\/?p=7089#breadcrumb"},"inLanguage":"es","potentialAction":[{"@type":"ReadAction","target":["https:\/\/ecovalora.es\/?p=7089"]}]},{"@type":"ImageObject","inLanguage":"es","@id":"https:\/\/ecovalora.es\/?p=7089#primaryimage","url":"https:\/\/ecovalora.es\/wp-content\/uploads\/2026\/02\/gestion-integral-de-residuos-ecovalora.jpg","contentUrl":"https:\/\/ecovalora.es\/wp-content\/uploads\/2026\/02\/gestion-integral-de-residuos-ecovalora.jpg","width":800,"height":420,"caption":"Gesti\u00f3n integral de residuos en Guadalajara"},{"@type":"BreadcrumbList","@id":"https:\/\/ecovalora.es\/?p=7089#breadcrumb","itemListElement":[{"@type":"ListItem","position":1,"name":"Portada","item":"https:\/\/ecovalora.es\/"},{"@type":"ListItem","position":2,"name":"Gesti\u00f3n Integral de Residuos Guadalajara y Madrid"}]},{"@type":"WebSite","@id":"https:\/\/ecovalora.es\/#website","url":"https:\/\/ecovalora.es\/","name":"Ecovalora","description":"Empresa de Gesti\u00f3n de Residuos | ECOVALORA | 949 272 157","publisher":{"@id":"https:\/\/ecovalora.es\/#organization"},"potentialAction":[{"@type":"SearchAction","target":{"@type":"EntryPoint","urlTemplate":"https:\/\/ecovalora.es\/?s={search_term_string}"},"query-input":{"@type":"PropertyValueSpecification","valueRequired":true,"valueName":"search_term_string"}}],"inLanguage":"es"},{"@type":"Organization","@id":"https:\/\/ecovalora.es\/#organization","name":"Ecovalora","url":"https:\/\/ecovalora.es\/","logo":{"@type":"ImageObject","inLanguage":"es","@id":"https:\/\/ecovalora.es\/#\/schema\/logo\/image\/","url":"https:\/\/ecovalora.es\/wp-content\/uploads\/2023\/03\/cropped-Logotipo-Ecovalora-1-1.png","contentUrl":"https:\/\/ecovalora.es\/wp-content\/uploads\/2023\/03\/cropped-Logotipo-Ecovalora-1-1.png","width":250,"height":120,"caption":"Ecovalora"},"image":{"@id":"https:\/\/ecovalora.es\/#\/schema\/logo\/image\/"},"sameAs":["https:\/\/www.facebook.com\/profile.php?id=100094636253361","https:\/\/www.instagram.com\/ecovalorareciclaje\/"]},{"@type":"Person","@id":"https:\/\/ecovalora.es\/#\/schema\/person\/149af9f71efffa50f721d3a73830675c","name":"Ecovalora","image":{"@type":"ImageObject","inLanguage":"es","@id":"https:\/\/secure.gravatar.com\/avatar\/8e2c6ba4429be52b665a5cc0898cc9b7ac8149feef471135a82b5e9600e94be4?s=96&d=mm&r=g","url":"https:\/\/secure.gravatar.com\/avatar\/8e2c6ba4429be52b665a5cc0898cc9b7ac8149feef471135a82b5e9600e94be4?s=96&d=mm&r=g","contentUrl":"https:\/\/secure.gravatar.com\/avatar\/8e2c6ba4429be52b665a5cc0898cc9b7ac8149feef471135a82b5e9600e94be4?s=96&d=mm&r=g","caption":"Ecovalora"},"url":"https:\/\/ecovalora.es\/?author=2"}]}},"_links":{"self":[{"href":"https:\/\/ecovalora.es\/index.php?rest_route=\/wp\/v2\/posts\/7089","targetHints":{"allow":["GET"]}}],"collection":[{"href":"https:\/\/ecovalora.es\/index.php?rest_route=\/wp\/v2\/posts"}],"about":[{"href":"https:\/\/ecovalora.es\/index.php?rest_route=\/wp\/v2\/types\/post"}],"author":[{"embeddable":true,"href":"https:\/\/ecovalora.es\/index.php?rest_route=\/wp\/v2\/users\/2"}],"replies":[{"embeddable":true,"href":"https:\/\/ecovalora.es\/index.php?rest_route=%2Fwp%2Fv2%2Fcomments&post=7089"}],"version-history":[{"count":8,"href":"https:\/\/ecovalora.es\/index.php?rest_route=\/wp\/v2\/posts\/7089\/revisions"}],"predecessor-version":[{"id":7103,"href":"https:\/\/ecovalora.es\/index.php?rest_route=\/wp\/v2\/posts\/7089\/revisions\/7103"}],"wp:featuredmedia":[{"embeddable":true,"href":"https:\/\/ecovalora.es\/index.php?rest_route=\/wp\/v2\/media\/7099"}],"wp:attachment":[{"href":"https:\/\/ecovalora.es\/index.php?rest_route=%2Fwp%2Fv2%2Fmedia&parent=7089"}],"wp:term":[{"taxonomy":"category","embeddable":true,"href":"https:\/\/ecovalora.es\/index.php?rest_route=%2Fwp%2Fv2%2Fcategories&post=7089"},{"taxonomy":"post_tag","embeddable":true,"href":"https:\/\/ecovalora.es\/index.php?rest_route=%2Fwp%2Fv2%2Ftags&post=7089"}],"curies":[{"name":"wp","href":"https:\/\/api.w.org\/{rel}","templated":true}]}}